{"id":22379,"date":"2026-04-27T15:16:56","date_gmt":"2026-04-27T14:16:56","guid":{"rendered":"https:\/\/skolkajasenna.cz\/?p=22379"},"modified":"2026-04-27T17:59:32","modified_gmt":"2026-04-27T16:59:32","slug":"vitame-vas","status":"publish","type":"post","link":"https:\/\/skolkajasenna.cz\/?p=22379","title":{"rendered":"V\u00edt\u00e1me v\u00e1s"},"content":{"rendered":"\n<p>Jsme men\u0161\u00ed venkovsk\u00e1 mate\u0159sk\u00e1 \u0161kola rodinn\u00e9ho typu, kde d\u011bti prov\u00e1z\u00ed na jejich cest\u011b pozn\u00e1v\u00e1n\u00ed sv\u011bta Sovi\u010dka a V\u010deli\u010dka. Spole\u010dn\u011b s nimi d\u011bti objevuj\u00ed, u\u010d\u00ed se a za\u017e\u00edvaj\u00ed radost z ka\u017ed\u00e9ho dne.<\/p>\n\n\n\n<p>Vytv\u00e1\u0159\u00edme prost\u0159ed\u00ed, ve kter\u00e9m se d\u011bti c\u00edt\u00ed bezpe\u010dn\u011b, spokojen\u011b a p\u0159ij\u00edman\u00e9 takov\u00e9, jak\u00e9 jsou. D\u00edky men\u0161\u00edmu kolektivu se m\u016f\u017eeme v\u011bnovat ka\u017ed\u00e9mu d\u00edt\u011bti individu\u00e1ln\u011b a budovat vztahy zalo\u017een\u00e9 na d\u016fv\u011b\u0159e, respektu a otev\u0159en\u00e9 komunikaci.<\/p>\n\n\n\n<p>U\u010den\u00ed u n\u00e1s prob\u00edh\u00e1 p\u0159irozen\u011b \u2013 hrou, pro\u017eitkem a v \u00fazk\u00e9m kontaktu s p\u0159\u00edrodou, kter\u00e1 n\u00e1s ka\u017ed\u00fd den inspiruje.<\/p>\n\n\n\n<h3 class=\"wp-block-heading\"><strong>Motto<\/strong> \u0161koly<\/h3>\n\n\n\n<p>\u201eU\u010d\u00edme se z moudrosti tradic a objevujeme sv\u011bt v souvislostech.\u201c<\/p>\n","protected":false},"excerpt":{"rendered":"<p>Jsme men\u0161\u00ed venkovsk\u00e1 mate\u0159sk\u00e1 \u0161kola rodinn\u00e9ho typu, kde d\u011bti prov\u00e1z\u00ed na jejich cest\u011b pozn\u00e1v\u00e1n\u00ed sv\u011bta Sovi\u010dka a V\u010deli\u010dka. Spole\u010dn\u011b s nimi d\u011bti objevuj\u00ed, u\u010d\u00ed se a za\u017e\u00edvaj\u00ed radost z ka\u017ed\u00e9ho dne. Vytv\u00e1\u0159\u00edme prost\u0159ed\u00ed, ve kter\u00e9m se d\u011bti c\u00edt\u00ed bezpe\u010dn\u011b, spokojen\u011b a p\u0159ij\u00edman\u00e9 takov\u00e9, jak\u00e9 jsou. D\u00edky men\u0161\u00edmu kolektivu se m\u016f\u017eeme v\u011bnovat ka\u017ed\u00e9mu d\u00edt\u011bti individu\u00e1ln\u011b a [&hellip;]<\/p>\n","protected":false},"author":1,"featured_media":0,"comment_status":"closed","ping_status":"open","sticky":false,"template":"","format":"standard","meta":[],"categories":[1],"tags":[],"_links":{"self":[{"href":"https:\/\/skolkajasenna.cz\/index.php?rest_route=\/wp\/v2\/posts\/22379"}],"collection":[{"href":"https:\/\/skolkajasenna.cz\/index.php?rest_route=\/wp\/v2\/posts"}],"about":[{"href":"https:\/\/skolkajasenna.cz\/index.php?rest_route=\/wp\/v2\/types\/post"}],"author":[{"embeddable":true,"href":"https:\/\/skolkajasenna.cz\/index.php?rest_route=\/wp\/v2\/users\/1"}],"replies":[{"embeddable":true,"href":"https:\/\/skolkajasenna.cz\/index.php?rest_route=%2Fwp%2Fv2%2Fcomments&post=22379"}],"version-history":[{"count":3,"href":"https:\/\/skolkajasenna.cz\/index.php?rest_route=\/wp\/v2\/posts\/22379\/revisions"}],"predecessor-version":[{"id":22403,"href":"https:\/\/skolkajasenna.cz\/index.php?rest_route=\/wp\/v2\/posts\/22379\/revisions\/22403"}],"wp:attachment":[{"href":"https:\/\/skolkajasenna.cz\/index.php?rest_route=%2Fwp%2Fv2%2Fmedia&parent=22379"}],"wp:term":[{"taxonomy":"category","embeddable":true,"href":"https:\/\/skolkajasenna.cz\/index.php?rest_route=%2Fwp%2Fv2%2Fcategories&post=22379"},{"taxonomy":"post_tag","embeddable":true,"href":"https:\/\/skolkajasenna.cz\/index.php?rest_route=%2Fwp%2Fv2%2Ftags&post=22379"}],"curies":[{"name":"wp","href":"https:\/\/api.w.org\/{rel}","templated":true}]}}